{"id":16026,"date":"2025-10-27T12:11:17","date_gmt":"2025-10-27T10:11:17","guid":{"rendered":"https:\/\/www.estetis-clinic.ro\/?p=16026"},"modified":"2025-10-27T12:11:17","modified_gmt":"2025-10-27T10:11:17","slug":"deviatia-de-sept-si-problemele-respiratorii","status":"publish","type":"post","link":"https:\/\/www.estetis-clinic.ro\/en\/deviatia-de-sept-si-problemele-respiratorii\/","title":{"rendered":"Devia\u021bia de sept \u0219i problemele respiratorii &#8211; c\u00e2nd este indicat\u0103 rinoplastia?"},"content":{"rendered":"<p style=\"text-align: justify; line-height: 1.5;\">Respira\u021bia dificil\u0103, senza\u021bia persistent\u0103 de nas \u00eenfundat \u0219i episoadele frecvente de sfor\u0103it pot afecta felul \u00een care te sim\u021bi zi de zi. Multe persoane nu realizeaz\u0103 c\u0103 o cauz\u0103 frecvent\u0103 a acestor probleme o reprezint\u0103 devia\u021bia de sept nazal, o anomalie structural\u0103 care influen\u021beaz\u0103 s\u0103n\u0103tatea nasului. Pentru mul\u021bi pacien\u021bi, interven\u021bia chirurgical\u0103 reprezint\u0103 solu\u021bia optim\u0103 pentru rec\u0103p\u0103tarea unei respira\u021bii normale \u0219i, totodat\u0103, pentru a ob\u021bine un profil facial armonios [1]. Iat\u0103 mai multe detalii!<\/p>\n<h2 style=\"text-align: justify; line-height: 1.5;\">Ce este devia\u021bia de sept nazal?<\/h2>\n<p style=\"text-align: justify; line-height: 1.5;\">Septul nazal formeaz\u0103 peretele sub\u021bire dintre n\u0103ri \u0219i are o structur\u0103 mixt\u0103, format\u0103 din os \u0219i cartilaj. \u00cen mod ideal, el este pozi\u021bionat pe mijlocul nasului. C\u00e2nd acest perete se abate spre st\u00e2nga sau dreapta, aerul circul\u0103 cu dificultate.<\/p>\n<p style=\"text-align: justify; line-height: 1.5;\">Septul nazal contribuie la filtrarea, \u00eenc\u0103lzirea \u0219i hidratarea aerului \u00eenainte ca acesta s\u0103 ajung\u0103 \u00een pl\u0103m\u00e2ni. O devia\u021bie poate diminua aceste func\u021bii, ceea ce duce adesea la congestie cronic\u0103, sinuzite recurente \u0219i probleme importante de respira\u021bie. Mul\u021bi adul\u021bi prezint\u0103 distorsiuni ale septului, \u00eens\u0103 doar o parte ajung s\u0103 se confrunte cu simptome severe care necesit\u0103 ajutor de specialitate [1][2].<\/p>\n<h2 style=\"text-align: justify; line-height: 1.5;\">Cum apare devia\u021bia de sept \u0219i care sunt simptomele asociate?<\/h2>\n<p style=\"text-align: justify; line-height: 1.5;\">Majoritatea pacien\u021bilor se nasc cu devia\u021bie de sept, dar uneori aceasta apare dup\u0103 accidente minore sau lovituri la nivelul nasului. Dezvoltarea inegal\u0103 a oaselor fe\u021bei poate accentua problema.<\/p>\n<p style=\"text-align: justify; line-height: 1.5;\">Cele mai \u00eent\u00e2lnite simptome sunt:<\/p>\n<ul style=\"text-align: justify;\">\n<li>nas \u00eenfundat constant, uneori doar pe o parte;<\/li>\n<li>infec\u021bii nazale sau sinuzite recurente;<\/li>\n<li>s\u00e2nger\u0103ri nazale ocazionale;<\/li>\n<li>senza\u021bie de presiune \u00een zona frun\u021bii sau la baza nasului;<\/li>\n<li>sfor\u0103it, respira\u021bie zgomotoas\u0103 sau treziri repetate \u00een timpul nop\u021bii;<\/li>\n<li>usc\u0103ciune \u0219i irita\u021bie la nivelul mucoasei nazale.<\/li>\n<\/ul>\n<p style=\"text-align: justify; line-height: 1.5;\">Formele u\u0219oare se agraveaz\u0103 la efort fizic sau \u00een sezonul rece. La unii pacien\u021bi, nasul \u00eenfundat \u0219i lipsa somnului odihnitor induc oboseal\u0103 zilnic\u0103 sau dificult\u0103\u021bi de concentrare. Persoanele care sesizeaz\u0103 o agravare brusc\u0103 a simptomelor dup\u0103 un traumatism la nas ar trebui s\u0103 programeze o evaluare specializat\u0103 [1][2].<\/p>\n<h2 style=\"text-align: justify; line-height: 1.5;\">Cum afli dac\u0103 ai nevoie de opera\u021bie \u2013 pa\u0219ii de diagnostic<\/h2>\n<ol style=\"text-align: justify;\">\n<li><strong>Consultul la medicul ORL<\/strong>\n<p>Programeaz\u0103 o consulta\u021bie la un medic otorinolaringolog, care va examina atent interiorul nasului. Acesta va utiliza instrumente specializate, precum o camer\u0103 sub\u021bire \u0219i flexibil\u0103, pentru o inspec\u021bie complet\u0103. Aceast\u0103 etap\u0103 poate scoate la iveal\u0103 \u0219i alte modific\u0103ri anatomice.<\/li>\n<li><strong>Investiga\u021bii suplimentare<\/strong>\n<p>Dac\u0103 specialistul suspecteaz\u0103 \u0219i alte afec\u021biuni asociate (de exemplu, polipi, tumori), acesta poate recomanda radiografii, computer-tomograf sau teste alergologice. Acestea stabilesc cu exactitate severitatea problemei.<\/li>\n<li><strong>Testarea eficien\u021bei tratamentului conservator<\/strong>\n<p>Medicul recomand\u0103 ini\u021bial tratament medicamentos. Dac\u0103 simptomele nu se amelioreaz\u0103 \u0219i afecteaz\u0103 semnificativ calitatea vie\u021bii, se analizeaz\u0103 op\u021biunea chirurgical\u0103 [1][2].<\/li>\n<\/ol>\n<h2 style=\"text-align: justify; line-height: 1.5;\">Tratamentul devia\u021biei de sept \u2013 ce op\u021biuni ai?<\/h2>\n<ul style=\"text-align: justify;\">\n<li><strong>tratament conservator<\/strong>: presupune folosirea decongestionantelor, a corticosteroizilor nazali sau tratamentul altor alergii. Aceste metode pot oferi ameliorare temporar\u0103, dar nu corecteaz\u0103 cauza anatomic\u0103;<\/li>\n<li><strong>tratament chirurgical<\/strong>: este recomandat c\u00e2nd simptomele persist\u0103 sau cresc \u00een intensitate.<\/li>\n<\/ul>\n<p style=\"text-align: justify; line-height: 1.5;\">Exist\u0103 dou\u0103 interven\u021bii principale:<\/p>\n<ol style=\"text-align: justify;\">\n<li><strong>septoplastia<\/strong>: se concentreaz\u0103 pe repozi\u021bionarea septului f\u0103r\u0103 a schimba forma exterioar\u0103 a nasului;<\/li>\n<li><strong>rinoplastia func\u021bional\u0103<\/strong>: corecteaz\u0103 at\u00e2t devia\u021bia de sept, c\u00e2t \u0219i eventualele defecte estetice, pentru o respira\u021bie u\u0219urat\u0103 \u0219i un aspect facial pl\u0103cut [1][2]. Pentru informa\u021bii suplimentare despre etapele acestei interven\u021bii, consult\u0103\u00a0<a href=\"https:\/\/www.estetis-clinic.ro\/en\/operatie\/rinoplastie\/\">pagina dedicat\u0103 rinoplastiei la Estetis Clinic<\/a>!<\/li>\n<\/ol>\n<h2 style=\"text-align: justify; line-height: 1.5;\">Indica\u021biile pentru rinoplastia func\u021bional\u0103<\/h2>\n<p><img loading=\"lazy\" decoding=\"async\" class=\"size-full wp-image-16027 aligncenter\" src=\"https:\/\/www.estetis-clinic.ro\/wp-content\/uploads\/2025\/10\/e196980b86caf4f0ecbe69559eea85c202.jpg\" alt=\"operatie de rinoplastie functionala\" width=\"800\" height=\"534\" srcset=\"https:\/\/www.estetis-clinic.ro\/wp-content\/uploads\/2025\/10\/e196980b86caf4f0ecbe69559eea85c202.jpg 800w, https:\/\/www.estetis-clinic.ro\/wp-content\/uploads\/2025\/10\/e196980b86caf4f0ecbe69559eea85c202-300x200.jpg 300w, https:\/\/www.estetis-clinic.ro\/wp-content\/uploads\/2025\/10\/e196980b86caf4f0ecbe69559eea85c202-768x513.jpg 768w, https:\/\/www.estetis-clinic.ro\/wp-content\/uploads\/2025\/10\/e196980b86caf4f0ecbe69559eea85c202-18x12.jpg 18w\" sizes=\"(max-width: 800px) 100vw, 800px\" \/><\/p>\n<p style=\"text-align: justify; line-height: 1.5;\">Rinoplastia func\u021bional\u0103 se recomand\u0103 atunci c\u00e2nd:<\/p>\n<ul style=\"text-align: justify;\">\n<li>devia\u021bia de sept afecteaz\u0103 semnificativ respira\u021bia nazal\u0103 sau provoac\u0103 disconfort cronic;<\/li>\n<li>apar simultan anomalii structurale interne, precum hipertrofia cornetelor;<\/li>\n<li>exist\u0103 asimetrii sau defecte exterioare care afecteaz\u0103 \u00eencrederea \u00een propria imagine.<\/li>\n<\/ul>\n<p style=\"text-align: justify; line-height: 1.5;\">Medicii recomand\u0103, de obicei, aceast\u0103 interven\u021bie dup\u0103 v\u00e2rsta de 18 ani, dup\u0103 finalizarea procesului de cre\u0219tere a nasului [3].\u00a0Dac\u0103 prezin\u021bi simptomele enumerate sau sim\u021bi c\u0103 imaginea nasului te nemul\u021bume\u0219te, solicit\u0103 o consulta\u021bie la un chirurg cu preg\u0103tire complex\u0103, precum <a href=\"https:\/\/www.estetis-clinic.ro\/en\/doctor\/serban-porumb\/\">Dr. \u0218erban Porumb<\/a>, membru cu expertiz\u0103 interna\u021bional\u0103 \u00een tehnici avansate de rinoplastie.<\/p>\n<h2 style=\"text-align: justify; line-height: 1.5;\">Cum decurge opera\u021bia \u0219i recuperarea?<\/h2>\n<p style=\"text-align: justify; line-height: 1.5;\">Interven\u021biile asupra septului nazal \u0219i nasului se pot face prin metoda clasic\u0103 (deschis\u0103) sau prin abordarea \u00eenchis\u0103. Aceasta din urm\u0103 asigur\u0103 precizie \u0219i un disconfort redus, \u00eens\u0103 este potrivit\u0103, de regul\u0103, pentru cazurile mai simple.<\/p>\n<p style=\"text-align: justify; line-height: 1.5;\">Opera\u021bia presupune anestezie local\u0103 sau general\u0103 \u0219i dureaz\u0103 \u00een general \u00eentre 1 \u0219i 2 ore, iar pacientul r\u0103m\u00e2ne internat sub supraveghere timp de 24 de ore. Dup\u0103 interven\u021bie, pacien\u021bii primesc instruc\u021biuni clare pentru \u00eengrijirea nazal\u0103 (sp\u0103l\u0103turi, evitarea sufl\u0103rii bru\u0219te, renun\u021barea la fumat \u0219i evitarea spa\u021biilor cu mult praf).<\/p>\n<p style=\"text-align: justify; line-height: 1.5;\">Activit\u0103\u021bile u\u0219oare devin posibile dup\u0103 2-3 s\u0103pt\u0103m\u00e2ni, dar nasul se stabilizeaz\u0103 complet pe o perioad\u0103 de c\u00e2teva luni. \u00cen tot acest timp, schimb\u0103rile de aspect \u0219i \u00eembun\u0103t\u0103\u021birea respira\u021biei devin evidente treptat [3][4].<\/p>\n<h2 style=\"text-align: justify; line-height: 1.5;\">Posibile riscuri \u0219i limitele interven\u021biei<\/h2>\n<p style=\"text-align: justify; line-height: 1.5;\">Ca orice interven\u021bie chirurgical\u0103, rinoplastia func\u021bional\u0103 presupune anumite riscuri: s\u00e2ngerare, infec\u021bii, modific\u0103ri de aspect sau necesitatea unei retu\u0219\u0103ri ulterioare. O clinic\u0103 dotat\u0103 cu echipamente moderne, precum <a href=\"https:\/\/www.estetis-clinic.ro\/en\/clinica\/\">Estetis Clinic<\/a>, limiteaz\u0103 aceste riscuri \u0219i asigur\u0103 siguran\u021ba pacien\u021bilor.<\/p>\n<p style=\"text-align: justify; line-height: 1.5;\">Trebuie s\u0103 \u021bii cont de faptul c\u0103 afec\u021biunile asociate, cum ar fi rinita alergic\u0103 sau sinuzitele recurente, pot influen\u021ba evolu\u021bia pe termen lung. De aceea, colaborarea cu medicul este esen\u021bial\u0103 at\u00e2t pentru stabilirea diagnosticului, c\u00e2t \u0219i pentru monitorizarea postoperatorie. Studiile men\u021bioneaz\u0103 c\u0103 majoritatea pacien\u021bilor resimt o \u00eembun\u0103t\u0103\u021bire vizibil\u0103 a respira\u021biei dup\u0103 opera\u021bie [3][4].<\/p>\n<h2 style=\"text-align: justify; line-height: 1.5;\">C\u00e2nd s\u0103 te adresezi medicului?<\/h2>\n<p style=\"text-align: justify; line-height: 1.5;\">Nu am\u00e2na evaluarea de specialitate dac\u0103 ai nasul \u00eenfundat zilnic, te treze\u0219ti obosit sau respiri greu \u00een timpul nop\u021bii. Printre semnalele suplimentare care indic\u0103 necesitatea unui consult se num\u0103r\u0103: episoadele repetate de sinuzit\u0103, s\u00e2nger\u0103rile inexplicabile, lipsa mirosului sau apari\u021bia asimetriilor nazale. Pentru informa\u021bii utile despre s\u0103n\u0103tatea nasului, tehnici moderne \u0219i experien\u021ba altor pacien\u021bi, acceseaz\u0103 <a href=\"https:\/\/www.estetis-clinic.ro\/en\/blog\/\">blogul Estetis Clinic<\/a>.<\/p>\n<p style=\"text-align: justify; line-height: 1.5;\">Dac\u0103 iei \u00een considerare o interven\u021bie nazal\u0103 sau \u00ee\u021bi dore\u0219ti o evaluare profesional\u0103, alege siguran\u021ba \u0219i seriozitatea unei echipe cu experien\u021b\u0103. Echipa Estetis Clinic, sub coordonarea Dr. \u0218erban Porumb te poate ghida c\u0103tre cea mai sigur\u0103 \u0219i confortabil\u0103 solu\u021bie pentru tine.<\/p>\n<p style=\"text-align: justify; line-height: 1.5;\">Acest articol are scop informativ \u0219i nu \u00eenlocuie\u0219te consulta\u021bia medical\u0103 de specialitate. Diagnosticarea corect\u0103 \u0219i alegerea planului de tratament se stabilesc doar \u00een cabinet, \u00eempreun\u0103 cu medicul. Prioritizeaz\u0103 preven\u021bia \u0219i controalele regulate pentru men\u021binerea s\u0103n\u0103t\u0103\u021bii respiratorii!<\/p>\n<p>&nbsp;<\/p>\n<p style=\"text-align: justify; line-height: 1.5;\"><strong>Surse de informare:<\/strong><\/p>\n<p style=\"text-align: justify; line-height: 1.5;\">[1] \u201cDeviated Septum &#8211; Symptoms &amp; Causes\u201d\u00a0Mayo Clinic, 2025, www.mayoclinic.org\/diseases-conditions\/deviated-septum\/symptoms-causes\/syc-20351710. Accesat \u00een data de 17 Oct. 2025.<\/p>\n<p style=\"text-align: justify;\">\u200c[2] \u201cDeviated Septum: Symptoms, Causes &amp; Treatment.\u201d\u00a0Cleveland Clinic, 8 Feb. 2017, my.clevelandclinic.org\/health\/diseases\/16924-deviated-septum. Accesat \u00een data de 17 Oct. 2025.<\/p>\n<p style=\"text-align: justify;\">[3] Kugler, Thomas. \u201cAmerican Academy of Facial Plastic and Reconstructive Surgery.\u201d\u00a0American Academy of Facial Plastic and Reconstructive Surgery, 2025, www.aafprs.org\/AAFPRS\/Procedures\/Rhinoplast\/Functional_Rhinoplasty.aspx. Accesat \u00een data de 17 Oct. 2025.<\/p>\n<p style=\"text-align: justify;\">[4] \u201cRhinoplasty &#8211; Mayo Clinic.\u201d\u00a0Mayoclinic.org, 2025, www.mayoclinic.org\/tests-procedures\/rhinoplasty\/about\/pac-20384532. Accesat \u00een data de 17 Oct. 2025.<\/p>","protected":false},"excerpt":{"rendered":"<p>Respira\u021bia dificil\u0103, senza\u021bia persistent\u0103 de nas \u00eenfundat \u0219i episoadele frecvente de sfor\u0103it pot afecta felul \u00een care te sim\u021bi zi de zi. Multe persoane nu realizeaz\u0103 c\u0103 o cauz\u0103 frecvent\u0103 a acestor probleme o reprezint\u0103 devia\u021bia de sept nazal, o anomalie structural\u0103 care influen\u021beaz\u0103 s\u0103n\u0103tatea nasului. Pentru mul\u021bi pacien\u021bi, interven\u021bia chirurgical\u0103 reprezint\u0103 solu\u021bia optim\u0103 pentru [&hellip;]<\/p>","protected":false},"author":2,"featured_media":16028,"comment_status":"closed","ping_status":"open","sticky":false,"template":"","format":"standard","meta":{"_lmt_disableupdate":"","_lmt_disable":"","footnotes":""},"categories":[169],"tags":[],"class_list":["post-16026","post","type-post","status-publish","format-standard","has-post-thumbnail","hentry","category-noutati"],"modified_by":"seo12","_links":{"self":[{"href":"https:\/\/www.estetis-clinic.ro\/en\/wp-json\/wp\/v2\/posts\/16026"}],"collection":[{"href":"https:\/\/www.estetis-clinic.ro\/en\/wp-json\/wp\/v2\/posts"}],"about":[{"href":"https:\/\/www.estetis-clinic.ro\/en\/wp-json\/wp\/v2\/types\/post"}],"author":[{"embeddable":true,"href":"https:\/\/www.estetis-clinic.ro\/en\/wp-json\/wp\/v2\/users\/2"}],"replies":[{"embeddable":true,"href":"https:\/\/www.estetis-clinic.ro\/en\/wp-json\/wp\/v2\/comments?post=16026"}],"version-history":[{"count":1,"href":"https:\/\/www.estetis-clinic.ro\/en\/wp-json\/wp\/v2\/posts\/16026\/revisions"}],"predecessor-version":[{"id":16029,"href":"https:\/\/www.estetis-clinic.ro\/en\/wp-json\/wp\/v2\/posts\/16026\/revisions\/16029"}],"wp:featuredmedia":[{"embeddable":true,"href":"https:\/\/www.estetis-clinic.ro\/en\/wp-json\/wp\/v2\/media\/16028"}],"wp:attachment":[{"href":"https:\/\/www.estetis-clinic.ro\/en\/wp-json\/wp\/v2\/media?parent=16026"}],"wp:term":[{"taxonomy":"category","embeddable":true,"href":"https:\/\/www.estetis-clinic.ro\/en\/wp-json\/wp\/v2\/categories?post=16026"},{"taxonomy":"post_tag","embeddable":true,"href":"https:\/\/www.estetis-clinic.ro\/en\/wp-json\/wp\/v2\/tags?post=16026"}],"curies":[{"name":"wp","href":"https:\/\/api.w.org\/{rel}","templated":true}]}}